{"id":3346,"date":"2025-08-18T09:13:21","date_gmt":"2025-08-18T09:13:21","guid":{"rendered":"https:\/\/empresas.mooevo.es\/empresas\/?p=3346"},"modified":"2025-10-11T13:40:11","modified_gmt":"2025-10-11T13:40:11","slug":"vehiculos-electricos-de-carga-ligera-en-bibliotecas-y-centros-culturales","status":"publish","type":"post","link":"https:\/\/empresas.mooevo.es\/empresas\/movilidad-electrica\/vehiculos-electricos-de-carga-ligera-en-bibliotecas-y-centros-culturales\/","title":{"rendered":"Veh\u00edculos el\u00e9ctricos de carga ligera en bibliotecas y centros culturales"},"content":{"rendered":"\n<p>Las <strong>bibliotecas y centros culturales<\/strong> son espacios vivos que requieren una gesti\u00f3n log\u00edstica silenciosa, eficiente y respetuosa con el entorno. La necesidad de mover materiales, suministros y equipamiento en interiores y \u00e1reas peatonales convierte a los <strong><a href=\"\/shop\/?s=vehiculos+electricos+de+carga+ligera\">veh\u00edculos el\u00e9ctricos de carga ligera<\/a><\/strong> en una herramienta imprescindible para garantizar un servicio c\u00f3modo, accesible y sostenible.<\/p>\n\n\n<div class=\"wp-block-image\">\n<figure class=\"aligncenter size-large is-resized\"><img decoding=\"async\" src=\"https:\/\/mooevo.com\/shop\/wp-content\/uploads\/2024\/06\/carritos-de-carga-repartidor.jpeg\" alt=\"vehiculos electricos bibliotecas\" style=\"width:600px\"\/><figcaption class=\"wp-element-caption\">Los veh\u00edculos el\u00e9ctricos de carga ligera de MOOEVO son muy \u00fatiles en el traslado de mercanc\u00edas como libros y otro tipo de materiales para librer\u00edas y bibliotecas.<\/figcaption><\/figure>\n<\/div>\n\n\n<p>Los <strong>carros y carritos el\u00e9ctricos de MOOEVO<\/strong> permiten transportar libros, cajas, equipos t\u00e9cnicos o mobiliario con facilidad, reduciendo el esfuerzo f\u00edsico del personal y mejorando la ergonom\u00eda en el trabajo diario. Gracias a su dise\u00f1o compacto y silencioso, se adaptan perfectamente a entornos interiores sin alterar la tranquilidad de los espacios culturales.<\/p>\n\n\n\n<p>Adem\u00e1s, los <strong>triciclos y patinetes el\u00e9ctricos de reparto<\/strong> resultan \u00fatiles en centros culturales de gran tama\u00f1o o con zonas exteriores, facilitando desplazamientos r\u00e1pidos y sostenibles entre diferentes \u00e1reas. Su implementaci\u00f3n fomenta la creaci\u00f3n de <strong>empleo verde<\/strong>, al tiempo que impulsa la <strong>econom\u00eda circular<\/strong> y la accesibilidad laboral de personas con <strong>diversidad funcional<\/strong>.<\/p>\n\n\n<div class=\"wp-block-image\">\n<figure class=\"aligncenter size-large is-resized\"><img decoding=\"async\" src=\"https:\/\/mooevo.com\/shop\/wp-content\/uploads\/2025\/10\/Vehiculos-electricos-de-carga-ligera-en-bibliotecas-y-centros-culturales.jpg\" alt=\"\" style=\"width:600px\"\/><figcaption class=\"wp-element-caption\">Las <strong>bibliotecas y centros culturales<\/strong> necesitan soluciones log\u00edsticas limpias y silenciosas. Los <strong>veh\u00edculos el\u00e9ctricos de carga ligera de MOOEVO<\/strong> permiten mover materiales, libros y equipos con menor esfuerzo f\u00edsico y cero emisiones.<\/figcaption><\/figure>\n<\/div>\n\n\n<p>Con estas soluciones, las bibliotecas y centros culturales se alinean con los objetivos de las <strong>ciudades inteligentes<\/strong>, mejorando la gesti\u00f3n de recursos y reforzando su compromiso con la sostenibilidad y la inclusi\u00f3n. Con carros, carritos, triciclos y patinetes el\u00e9ctricos, estos espacios mejoran la ergonom\u00eda laboral, fomentan la inclusi\u00f3n y refuerzan la <strong>econom\u00eda circular<\/strong>. <\/p>\n\n\n\n<p>Una apuesta por la innovaci\u00f3n en la gesti\u00f3n cultural dentro de <strong>ciudades sostenibles<\/strong> y entornos m\u00e1s accesibles para todos.<\/p>\n\n\n\n<p><strong>Tambi\u00e9n es tendencia:<\/strong> <a href=\"https:\/\/mooevo.com\/shop\/?s=cuales+son+los+mejores+carritos+electricos+de+reparto\">cuales son los mejores carritos el\u00e9ctricos de reparto<\/a><\/p>\n\n\n\n<div class=\"wp-block-buttons is-content-justification-center is-layout-flex wp-container-core-buttons-is-layout-16018d1d wp-block-buttons-is-layout-flex\">\n<div class=\"wp-block-button\"><a class=\"wp-block-button__link wp-element-button\" href=\"\/\">Ir a MOOEVO.com<\/a><\/div>\n<\/div>\n","protected":false},"excerpt":{"rendered":"<p>Las bibliotecas y centros culturales necesitan soluciones log\u00edsticas limpias y silenciosas. Los veh\u00edculos el\u00e9ctricos de carga ligera de MOOEVO permiten mover materiales, libros y equipos con menor esfuerzo f\u00edsico y cero emisiones. Con carros, carritos, triciclos y patinetes el\u00e9ctricos, estos espacios mejoran la ergonom\u00eda laboral, fomentan la inclusi\u00f3n y refuerzan la econom\u00eda circular. Una apuesta por la innovaci\u00f3n en la gesti\u00f3n cultural dentro de ciudades sostenibles y entornos m\u00e1s accesibles para todos.<\/p>\n","protected":false},"author":1,"featured_media":0,"comment_status":"closed","ping_status":"open","sticky":false,"template":"","format":"standard","meta":{"footnotes":""},"categories":[25],"tags":[],"class_list":["post-3346","post","type-post","status-publish","format-standard","hentry","category-movilidad-electrica"],"yoast_head":"<!-- This site is optimized with the Yoast SEO plugin v27.3 - https:\/\/yoast.com\/product\/yoast-seo-wordpress\/ -->\n<title>Veh\u00edculos el\u00e9ctricos de carga ligera en bibliotecas y centros culturales<\/title>\n<meta name=\"description\" content=\"Veh\u00edculos el\u00e9ctricos de carga ligera en bibliotecas y centros culturales: eficiencia silenciosa, ergonom\u00eda y accesibilidad con soluciones MOOEVO sostenibles.\" \/>\n<meta name=\"robots\" content=\"noindex, follow, max-snippet:-1, max-image-preview:large, max-video-preview:-1\" \/>\n<meta property=\"og:locale\" content=\"es_ES\" \/>\n<meta property=\"og:type\" content=\"article\" \/>\n<meta property=\"og:title\" content=\"Veh\u00edculos el\u00e9ctricos de carga ligera en bibliotecas y centros culturales\" \/>\n<meta property=\"og:description\" content=\"Veh\u00edculos el\u00e9ctricos de carga ligera en bibliotecas y centros culturales: eficiencia silenciosa, ergonom\u00eda y accesibilidad con soluciones MOOEVO sostenibles.\" \/>\n<meta property=\"og:url\" content=\"https:\/\/empresas.mooevo.es\/empresas\/movilidad-electrica\/vehiculos-electricos-de-carga-ligera-en-bibliotecas-y-centros-culturales\/\" \/>\n<meta property=\"og:site_name\" content=\"MOOEVO EMPRESAS\" \/>\n<meta property=\"article:published_time\" content=\"2025-08-18T09:13:21+00:00\" \/>\n<meta property=\"article:modified_time\" content=\"2025-10-11T13:40:11+00:00\" \/>\n<meta property=\"og:image\" content=\"https:\/\/mooevo.com\/shop\/wp-content\/uploads\/2024\/06\/carritos-de-carga-repartidor.jpeg\" \/>\n<meta name=\"author\" content=\"Mooevo_Empresas\" \/>\n<meta name=\"twitter:card\" content=\"summary_large_image\" \/>\n<meta name=\"twitter:label1\" content=\"Escrito por\" \/>\n\t<meta name=\"twitter:data1\" content=\"Mooevo_Empresas\" \/>\n\t<meta name=\"twitter:label2\" content=\"Tiempo de lectura\" \/>\n\t<meta name=\"twitter:data2\" content=\"2 minutos\" \/>\n<script type=\"application\/ld+json\" class=\"yoast-schema-graph\">{\"@context\":\"https:\\\/\\\/schema.org\",\"@graph\":[{\"@type\":\"Article\",\"@id\":\"https:\\\/\\\/empresas.mooevo.es\\\/empresas\\\/movilidad-electrica\\\/vehiculos-electricos-de-carga-ligera-en-bibliotecas-y-centros-culturales\\\/#article\",\"isPartOf\":{\"@id\":\"https:\\\/\\\/empresas.mooevo.es\\\/empresas\\\/movilidad-electrica\\\/vehiculos-electricos-de-carga-ligera-en-bibliotecas-y-centros-culturales\\\/\"},\"author\":{\"name\":\"Mooevo_Empresas\",\"@id\":\"https:\\\/\\\/empresas.mooevo.es\\\/empresas\\\/#\\\/schema\\\/person\\\/64912c51961a20845394fb528921e1cb\"},\"headline\":\"Veh\u00edculos el\u00e9ctricos de carga ligera en bibliotecas y centros culturales\",\"datePublished\":\"2025-08-18T09:13:21+00:00\",\"dateModified\":\"2025-10-11T13:40:11+00:00\",\"mainEntityOfPage\":{\"@id\":\"https:\\\/\\\/empresas.mooevo.es\\\/empresas\\\/movilidad-electrica\\\/vehiculos-electricos-de-carga-ligera-en-bibliotecas-y-centros-culturales\\\/\"},\"wordCount\":351,\"publisher\":{\"@id\":\"https:\\\/\\\/empresas.mooevo.es\\\/empresas\\\/#organization\"},\"image\":{\"@id\":\"https:\\\/\\\/empresas.mooevo.es\\\/empresas\\\/movilidad-electrica\\\/vehiculos-electricos-de-carga-ligera-en-bibliotecas-y-centros-culturales\\\/#primaryimage\"},\"thumbnailUrl\":\"https:\\\/\\\/mooevo.com\\\/shop\\\/wp-content\\\/uploads\\\/2024\\\/06\\\/carritos-de-carga-repartidor.jpeg\",\"articleSection\":[\"movilidad electrica\"],\"inLanguage\":\"es\"},{\"@type\":\"WebPage\",\"@id\":\"https:\\\/\\\/empresas.mooevo.es\\\/empresas\\\/movilidad-electrica\\\/vehiculos-electricos-de-carga-ligera-en-bibliotecas-y-centros-culturales\\\/\",\"url\":\"https:\\\/\\\/empresas.mooevo.es\\\/empresas\\\/movilidad-electrica\\\/vehiculos-electricos-de-carga-ligera-en-bibliotecas-y-centros-culturales\\\/\",\"name\":\"Veh\u00edculos el\u00e9ctricos de carga ligera en bibliotecas y centros culturales\",\"isPartOf\":{\"@id\":\"https:\\\/\\\/empresas.mooevo.es\\\/empresas\\\/#website\"},\"primaryImageOfPage\":{\"@id\":\"https:\\\/\\\/empresas.mooevo.es\\\/empresas\\\/movilidad-electrica\\\/vehiculos-electricos-de-carga-ligera-en-bibliotecas-y-centros-culturales\\\/#primaryimage\"},\"image\":{\"@id\":\"https:\\\/\\\/empresas.mooevo.es\\\/empresas\\\/movilidad-electrica\\\/vehiculos-electricos-de-carga-ligera-en-bibliotecas-y-centros-culturales\\\/#primaryimage\"},\"thumbnailUrl\":\"https:\\\/\\\/mooevo.com\\\/shop\\\/wp-content\\\/uploads\\\/2024\\\/06\\\/carritos-de-carga-repartidor.jpeg\",\"datePublished\":\"2025-08-18T09:13:21+00:00\",\"dateModified\":\"2025-10-11T13:40:11+00:00\",\"description\":\"Veh\u00edculos el\u00e9ctricos de carga ligera en bibliotecas y centros culturales: eficiencia silenciosa, ergonom\u00eda y accesibilidad con soluciones MOOEVO sostenibles.\",\"breadcrumb\":{\"@id\":\"https:\\\/\\\/empresas.mooevo.es\\\/empresas\\\/movilidad-electrica\\\/vehiculos-electricos-de-carga-ligera-en-bibliotecas-y-centros-culturales\\\/#breadcrumb\"},\"inLanguage\":\"es\",\"potentialAction\":[{\"@type\":\"ReadAction\",\"target\":[\"https:\\\/\\\/empresas.mooevo.es\\\/empresas\\\/movilidad-electrica\\\/vehiculos-electricos-de-carga-ligera-en-bibliotecas-y-centros-culturales\\\/\"]}]},{\"@type\":\"ImageObject\",\"inLanguage\":\"es\",\"@id\":\"https:\\\/\\\/empresas.mooevo.es\\\/empresas\\\/movilidad-electrica\\\/vehiculos-electricos-de-carga-ligera-en-bibliotecas-y-centros-culturales\\\/#primaryimage\",\"url\":\"https:\\\/\\\/mooevo.com\\\/shop\\\/wp-content\\\/uploads\\\/2024\\\/06\\\/carritos-de-carga-repartidor.jpeg\",\"contentUrl\":\"https:\\\/\\\/mooevo.com\\\/shop\\\/wp-content\\\/uploads\\\/2024\\\/06\\\/carritos-de-carga-repartidor.jpeg\"},{\"@type\":\"BreadcrumbList\",\"@id\":\"https:\\\/\\\/empresas.mooevo.es\\\/empresas\\\/movilidad-electrica\\\/vehiculos-electricos-de-carga-ligera-en-bibliotecas-y-centros-culturales\\\/#breadcrumb\",\"itemListElement\":[{\"@type\":\"ListItem\",\"position\":1,\"name\":\"Portada\",\"item\":\"https:\\\/\\\/empresas.mooevo.es\\\/empresas\\\/\"},{\"@type\":\"ListItem\",\"position\":2,\"name\":\"Veh\u00edculos el\u00e9ctricos de carga ligera en bibliotecas y centros culturales\"}]},{\"@type\":\"WebSite\",\"@id\":\"https:\\\/\\\/empresas.mooevo.es\\\/empresas\\\/#website\",\"url\":\"https:\\\/\\\/empresas.mooevo.es\\\/empresas\\\/\",\"name\":\"MOOEVO EMPRESAS\",\"description\":\"Inspiring e-motions\",\"publisher\":{\"@id\":\"https:\\\/\\\/empresas.mooevo.es\\\/empresas\\\/#organization\"},\"potentialAction\":[{\"@type\":\"SearchAction\",\"target\":{\"@type\":\"EntryPoint\",\"urlTemplate\":\"https:\\\/\\\/empresas.mooevo.es\\\/empresas\\\/?s={search_term_string}\"},\"query-input\":{\"@type\":\"PropertyValueSpecification\",\"valueRequired\":true,\"valueName\":\"search_term_string\"}}],\"inLanguage\":\"es\"},{\"@type\":\"Organization\",\"@id\":\"https:\\\/\\\/empresas.mooevo.es\\\/empresas\\\/#organization\",\"name\":\"MOOEVO EMPRESAS\",\"url\":\"https:\\\/\\\/empresas.mooevo.es\\\/empresas\\\/\",\"logo\":{\"@type\":\"ImageObject\",\"inLanguage\":\"es\",\"@id\":\"https:\\\/\\\/empresas.mooevo.es\\\/empresas\\\/#\\\/schema\\\/logo\\\/image\\\/\",\"url\":\"https:\\\/\\\/empresas.mooevo.es\\\/empresas\\\/wp-content\\\/uploads\\\/2025\\\/02\\\/cropped-LOGO-GRANDE-PNG.png\",\"contentUrl\":\"https:\\\/\\\/empresas.mooevo.es\\\/empresas\\\/wp-content\\\/uploads\\\/2025\\\/02\\\/cropped-LOGO-GRANDE-PNG.png\",\"width\":851,\"height\":158,\"caption\":\"MOOEVO EMPRESAS\"},\"image\":{\"@id\":\"https:\\\/\\\/empresas.mooevo.es\\\/empresas\\\/#\\\/schema\\\/logo\\\/image\\\/\"}},{\"@type\":\"Person\",\"@id\":\"https:\\\/\\\/empresas.mooevo.es\\\/empresas\\\/#\\\/schema\\\/person\\\/64912c51961a20845394fb528921e1cb\",\"name\":\"Mooevo_Empresas\",\"image\":{\"@type\":\"ImageObject\",\"inLanguage\":\"es\",\"@id\":\"https:\\\/\\\/secure.gravatar.com\\\/avatar\\\/ab8910d64dfcafd816e8c172aab27a5961214860e54c9a99e3bfa01794d81b0c?s=96&d=mm&r=g\",\"url\":\"https:\\\/\\\/secure.gravatar.com\\\/avatar\\\/ab8910d64dfcafd816e8c172aab27a5961214860e54c9a99e3bfa01794d81b0c?s=96&d=mm&r=g\",\"contentUrl\":\"https:\\\/\\\/secure.gravatar.com\\\/avatar\\\/ab8910d64dfcafd816e8c172aab27a5961214860e54c9a99e3bfa01794d81b0c?s=96&d=mm&r=g\",\"caption\":\"Mooevo_Empresas\"},\"sameAs\":[\"http:\\\/\\\/empresas.mooevo.es\\\/empresas\"],\"url\":\"https:\\\/\\\/empresas.mooevo.es\\\/empresas\\\/author\\\/mooevo_empresas\\\/\"}]}<\/script>\n<!-- \/ Yoast SEO plugin. -->","yoast_head_json":{"title":"Veh\u00edculos el\u00e9ctricos de carga ligera en bibliotecas y centros culturales","description":"Veh\u00edculos el\u00e9ctricos de carga ligera en bibliotecas y centros culturales: eficiencia silenciosa, ergonom\u00eda y accesibilidad con soluciones MOOEVO sostenibles.","robots":{"index":"noindex","follow":"follow","max-snippet":"max-snippet:-1","max-image-preview":"max-image-preview:large","max-video-preview":"max-video-preview:-1"},"og_locale":"es_ES","og_type":"article","og_title":"Veh\u00edculos el\u00e9ctricos de carga ligera en bibliotecas y centros culturales","og_description":"Veh\u00edculos el\u00e9ctricos de carga ligera en bibliotecas y centros culturales: eficiencia silenciosa, ergonom\u00eda y accesibilidad con soluciones MOOEVO sostenibles.","og_url":"https:\/\/empresas.mooevo.es\/empresas\/movilidad-electrica\/vehiculos-electricos-de-carga-ligera-en-bibliotecas-y-centros-culturales\/","og_site_name":"MOOEVO EMPRESAS","article_published_time":"2025-08-18T09:13:21+00:00","article_modified_time":"2025-10-11T13:40:11+00:00","og_image":[{"url":"https:\/\/mooevo.com\/shop\/wp-content\/uploads\/2024\/06\/carritos-de-carga-repartidor.jpeg","type":"","width":"","height":""}],"author":"Mooevo_Empresas","twitter_card":"summary_large_image","twitter_misc":{"Escrito por":"Mooevo_Empresas","Tiempo de lectura":"2 minutos"},"schema":{"@context":"https:\/\/schema.org","@graph":[{"@type":"Article","@id":"https:\/\/empresas.mooevo.es\/empresas\/movilidad-electrica\/vehiculos-electricos-de-carga-ligera-en-bibliotecas-y-centros-culturales\/#article","isPartOf":{"@id":"https:\/\/empresas.mooevo.es\/empresas\/movilidad-electrica\/vehiculos-electricos-de-carga-ligera-en-bibliotecas-y-centros-culturales\/"},"author":{"name":"Mooevo_Empresas","@id":"https:\/\/empresas.mooevo.es\/empresas\/#\/schema\/person\/64912c51961a20845394fb528921e1cb"},"headline":"Veh\u00edculos el\u00e9ctricos de carga ligera en bibliotecas y centros culturales","datePublished":"2025-08-18T09:13:21+00:00","dateModified":"2025-10-11T13:40:11+00:00","mainEntityOfPage":{"@id":"https:\/\/empresas.mooevo.es\/empresas\/movilidad-electrica\/vehiculos-electricos-de-carga-ligera-en-bibliotecas-y-centros-culturales\/"},"wordCount":351,"publisher":{"@id":"https:\/\/empresas.mooevo.es\/empresas\/#organization"},"image":{"@id":"https:\/\/empresas.mooevo.es\/empresas\/movilidad-electrica\/vehiculos-electricos-de-carga-ligera-en-bibliotecas-y-centros-culturales\/#primaryimage"},"thumbnailUrl":"https:\/\/mooevo.com\/shop\/wp-content\/uploads\/2024\/06\/carritos-de-carga-repartidor.jpeg","articleSection":["movilidad electrica"],"inLanguage":"es"},{"@type":"WebPage","@id":"https:\/\/empresas.mooevo.es\/empresas\/movilidad-electrica\/vehiculos-electricos-de-carga-ligera-en-bibliotecas-y-centros-culturales\/","url":"https:\/\/empresas.mooevo.es\/empresas\/movilidad-electrica\/vehiculos-electricos-de-carga-ligera-en-bibliotecas-y-centros-culturales\/","name":"Veh\u00edculos el\u00e9ctricos de carga ligera en bibliotecas y centros culturales","isPartOf":{"@id":"https:\/\/empresas.mooevo.es\/empresas\/#website"},"primaryImageOfPage":{"@id":"https:\/\/empresas.mooevo.es\/empresas\/movilidad-electrica\/vehiculos-electricos-de-carga-ligera-en-bibliotecas-y-centros-culturales\/#primaryimage"},"image":{"@id":"https:\/\/empresas.mooevo.es\/empresas\/movilidad-electrica\/vehiculos-electricos-de-carga-ligera-en-bibliotecas-y-centros-culturales\/#primaryimage"},"thumbnailUrl":"https:\/\/mooevo.com\/shop\/wp-content\/uploads\/2024\/06\/carritos-de-carga-repartidor.jpeg","datePublished":"2025-08-18T09:13:21+00:00","dateModified":"2025-10-11T13:40:11+00:00","description":"Veh\u00edculos el\u00e9ctricos de carga ligera en bibliotecas y centros culturales: eficiencia silenciosa, ergonom\u00eda y accesibilidad con soluciones MOOEVO sostenibles.","breadcrumb":{"@id":"https:\/\/empresas.mooevo.es\/empresas\/movilidad-electrica\/vehiculos-electricos-de-carga-ligera-en-bibliotecas-y-centros-culturales\/#breadcrumb"},"inLanguage":"es","potentialAction":[{"@type":"ReadAction","target":["https:\/\/empresas.mooevo.es\/empresas\/movilidad-electrica\/vehiculos-electricos-de-carga-ligera-en-bibliotecas-y-centros-culturales\/"]}]},{"@type":"ImageObject","inLanguage":"es","@id":"https:\/\/empresas.mooevo.es\/empresas\/movilidad-electrica\/vehiculos-electricos-de-carga-ligera-en-bibliotecas-y-centros-culturales\/#primaryimage","url":"https:\/\/mooevo.com\/shop\/wp-content\/uploads\/2024\/06\/carritos-de-carga-repartidor.jpeg","contentUrl":"https:\/\/mooevo.com\/shop\/wp-content\/uploads\/2024\/06\/carritos-de-carga-repartidor.jpeg"},{"@type":"BreadcrumbList","@id":"https:\/\/empresas.mooevo.es\/empresas\/movilidad-electrica\/vehiculos-electricos-de-carga-ligera-en-bibliotecas-y-centros-culturales\/#breadcrumb","itemListElement":[{"@type":"ListItem","position":1,"name":"Portada","item":"https:\/\/empresas.mooevo.es\/empresas\/"},{"@type":"ListItem","position":2,"name":"Veh\u00edculos el\u00e9ctricos de carga ligera en bibliotecas y centros culturales"}]},{"@type":"WebSite","@id":"https:\/\/empresas.mooevo.es\/empresas\/#website","url":"https:\/\/empresas.mooevo.es\/empresas\/","name":"MOOEVO EMPRESAS","description":"Inspiring e-motions","publisher":{"@id":"https:\/\/empresas.mooevo.es\/empresas\/#organization"},"potentialAction":[{"@type":"SearchAction","target":{"@type":"EntryPoint","urlTemplate":"https:\/\/empresas.mooevo.es\/empresas\/?s={search_term_string}"},"query-input":{"@type":"PropertyValueSpecification","valueRequired":true,"valueName":"search_term_string"}}],"inLanguage":"es"},{"@type":"Organization","@id":"https:\/\/empresas.mooevo.es\/empresas\/#organization","name":"MOOEVO EMPRESAS","url":"https:\/\/empresas.mooevo.es\/empresas\/","logo":{"@type":"ImageObject","inLanguage":"es","@id":"https:\/\/empresas.mooevo.es\/empresas\/#\/schema\/logo\/image\/","url":"https:\/\/empresas.mooevo.es\/empresas\/wp-content\/uploads\/2025\/02\/cropped-LOGO-GRANDE-PNG.png","contentUrl":"https:\/\/empresas.mooevo.es\/empresas\/wp-content\/uploads\/2025\/02\/cropped-LOGO-GRANDE-PNG.png","width":851,"height":158,"caption":"MOOEVO EMPRESAS"},"image":{"@id":"https:\/\/empresas.mooevo.es\/empresas\/#\/schema\/logo\/image\/"}},{"@type":"Person","@id":"https:\/\/empresas.mooevo.es\/empresas\/#\/schema\/person\/64912c51961a20845394fb528921e1cb","name":"Mooevo_Empresas","image":{"@type":"ImageObject","inLanguage":"es","@id":"https:\/\/secure.gravatar.com\/avatar\/ab8910d64dfcafd816e8c172aab27a5961214860e54c9a99e3bfa01794d81b0c?s=96&d=mm&r=g","url":"https:\/\/secure.gravatar.com\/avatar\/ab8910d64dfcafd816e8c172aab27a5961214860e54c9a99e3bfa01794d81b0c?s=96&d=mm&r=g","contentUrl":"https:\/\/secure.gravatar.com\/avatar\/ab8910d64dfcafd816e8c172aab27a5961214860e54c9a99e3bfa01794d81b0c?s=96&d=mm&r=g","caption":"Mooevo_Empresas"},"sameAs":["http:\/\/empresas.mooevo.es\/empresas"],"url":"https:\/\/empresas.mooevo.es\/empresas\/author\/mooevo_empresas\/"}]}},"_links":{"self":[{"href":"https:\/\/empresas.mooevo.es\/empresas\/wp-json\/wp\/v2\/posts\/3346","targetHints":{"allow":["GET"]}}],"collection":[{"href":"https:\/\/empresas.mooevo.es\/empresas\/wp-json\/wp\/v2\/posts"}],"about":[{"href":"https:\/\/empresas.mooevo.es\/empresas\/wp-json\/wp\/v2\/types\/post"}],"author":[{"embeddable":true,"href":"https:\/\/empresas.mooevo.es\/empresas\/wp-json\/wp\/v2\/users\/1"}],"replies":[{"embeddable":true,"href":"https:\/\/empresas.mooevo.es\/empresas\/wp-json\/wp\/v2\/comments?post=3346"}],"version-history":[{"count":3,"href":"https:\/\/empresas.mooevo.es\/empresas\/wp-json\/wp\/v2\/posts\/3346\/revisions"}],"predecessor-version":[{"id":3349,"href":"https:\/\/empresas.mooevo.es\/empresas\/wp-json\/wp\/v2\/posts\/3346\/revisions\/3349"}],"wp:attachment":[{"href":"https:\/\/empresas.mooevo.es\/empresas\/wp-json\/wp\/v2\/media?parent=3346"}],"wp:term":[{"taxonomy":"category","embeddable":true,"href":"https:\/\/empresas.mooevo.es\/empresas\/wp-json\/wp\/v2\/categories?post=3346"},{"taxonomy":"post_tag","embeddable":true,"href":"https:\/\/empresas.mooevo.es\/empresas\/wp-json\/wp\/v2\/tags?post=3346"}],"curies":[{"name":"wp","href":"https:\/\/api.w.org\/{rel}","templated":true}]}}